[
{
"id": 127413,
"dsTags": [
"PACOTE",
"NACIONAL"
],
"dtEntrada": null,
"dtSaida": null,
"nmTopVenda": "Serra Ga\u00facha com os Resorts Gramado Parks",
"dsUrlImg": "https:\/\/media.infotravel.com.br\/image\/upload\/c_scale,h_200\/1D546D8ED91C94C4613D12DF0F984F82.png",
"dsUrlImgDetalhe": "https:\/\/media.infotravel.com.br\/image\/upload\/c_scale,h_200\/2E64FB8EE0B510D3E5CB899C9B73BCAA.png",
"stManual": true,
"bannerType": "CONVENCIONAL",
"nrParcela": 12,
"dsDestaque": "Bloqueio A\u00e9reo",
"dsBanner": "<img src=\"https:\/\/d335luupugsy2.cloudfront.net\/cms%2Ffiles%2F97825%2F17879481691225-2026_Serra_Gacha_Resorts_Gramado_Parks_CNF.png\">",
"vlTotal": 1836,
"vlTotalTaxa": 0,
"vlPagamento": 1836,
"sgMoeda": "R$",
"idPacote": null,
"tpOrigem": null,
"sgOrigem": null,
"nmOrigem": "Belo Horizonte, Regi\u00e3o Sudeste, Brasil",
"idOrigem": 533,
"tpDestino": null,
"sgDestino": null,
"nmDestino": "Gramado, Regi\u00e3o Sul, Brasil",
"idDestino": 16728,
"idHotel": null,
"idEmpresa": 1,
"dsReservaTipo": "PACOTE A\u00c9REO\n",
"dtInclusao": "2026-08-31T10:51:04Z",
"dtValidade": "2026-09-30T23:59:00Z",
"idUnidade": 1093,
"idPontoVenda": null,
"chave": null,
"WSTopVenda": "{\"topVendaId\":127413,\"dsUrlBanner\":\"https:\/\/media.infotravel.com.br\/image\/upload\/c_scale,h_200\/1D546D8ED91C94C4613D12DF0F984F82.png\",\"dsUrlBannerDetalhe\":\"https:\/\/media.infotravel.com.br\/image\/upload\/c_scale,h_200\/2E64FB8EE0B510D3E5CB899C9B73BCAA.png\",\"imagenBannerList\":[],\"sgMoeda\":\"R$\",\"vlTotal\":1836.0,\"reservaPacote\":{\"keyPacoteParametro\":\"}{}{}{}{}{}{}{}{#|#F41FC8857F1BFF94DEFB4043BF159C6E\",\"origem\":{\"id\":533,\"nm\":\"Belo Horizonte, Regi\u00e3o Sudeste, Brasil\",\"am\":\"\",\"po\":false},\"destino\":{\"id\":16728,\"nm\":\"Gramado, Regi\u00e3o Sul, Brasil\",\"am\":\"\",\"po\":false},\"vlComissaoAjuste\":0.0,\"stSelecionado\":false,\"stInfoxInfo\":false,\"stFornecedorDocObrigatorio\":false},\"dsBanner\":\"\\u003cimg src\\u003d\\\"https:\/\/d335luupugsy2.cloudfront.net\/cms%2Ffiles%2F97825%2F17879481691225-2026_Serra_Gacha_Resorts_Gramado_Parks_CNF.png\\\"\\u003e\",\"dsDestaque\":\"Bloqueio A\u00e9reo\",\"nmBanner\":\"Serra Ga\u00facha com os Resorts Gramado Parks\",\"dsReservaTipo\":\"PACOTE A\u00c9REO\\n\",\"sgReservaTipo\":\"PACAER\",\"dsTag\":\"PACOTE,NACIONAL\",\"stManual\":true,\"dsLogo\":\"https:\/\/media.infotravel.com.br\/image\/upload\/c_scale,h_200\/BB77D03B45CFC46A5B5BFE5B7E32CF00.png\",\"qtParcela\":12}"
}
]